{"id":1246,"date":"2014-08-21T22:15:49","date_gmt":"2014-08-21T21:15:49","guid":{"rendered":"http:\/\/www.tenerifemasters.org\/?p=1246"},"modified":"2014-08-21T22:15:49","modified_gmt":"2014-08-21T21:15:49","slug":"9-nadadores-del-c-tenerife-masters-en-el-podio-de-la-iii-travesia-de-los-cristianos","status":"publish","type":"post","link":"https:\/\/clubtenerifemasters.com\/index.php\/2014\/08\/21\/9-nadadores-del-c-tenerife-masters-en-el-podio-de-la-iii-travesia-de-los-cristianos\/","title":{"rendered":"2014. 9 nadadores del C. Tenerife M\u00e1sters en el podio de la III Traves\u00eda de Los Cristianos"},"content":{"rendered":"<p style=\"text-align: justify;\"><a href=\"http:\/\/www.tenerifemasters.org\/wp-content\/uploads\/2014\/08\/CARRERA-FEM.jpg\"><img loading=\"lazy\" decoding=\"async\" class=\"aligncenter size-full wp-image-1248\" src=\"http:\/\/www.tenerifemasters.org\/wp-content\/uploads\/2014\/08\/CARRERA-FEM.jpg\" alt=\"CARRERA FEM\" width=\"960\" height=\"643\" \/><\/a><\/p>\n<p style=\"text-align: justify;\">Fotograf\u00eda:\u00a0<span style=\"color: #222222;\">&#8220;The Tribs&#8221;.<\/span><\/p>\n<p style=\"text-align: justify;\">La tercera edici\u00f3n de la Traves\u00eda de Los Cristianos, celebrada el pasado 15 de agosto en la Playa de Las Vistas, cont\u00f3 con la participaci\u00f3n de unos 160 nadadores cuyas edades estaban comprendidas entre los 8 y 73 a\u00f1os.<\/p>\n<p style=\"text-align: justify;\">A las nueve de la ma\u00f1ana dio comienzo la traves\u00eda de la categor\u00eda \u201cMenores A\u201d, donde los m\u00e1s peque\u00f1os tuvieron que cubrir 300 metros. A continuaci\u00f3n, los participantes de la categor\u00eda \u201cMenores B\u201d nadar\u00edan una distancia de 750 metros. Por su parte, los adultos saltar\u00edan posteriormente al agua, teniendo que nadar aproximadamente unos 1.500m.<\/p>\n<p style=\"text-align: justify;\">En esta ocasi\u00f3n, 8 nadadoras y 6 nadadores del C. Tenerife M\u00e1sters tomaron parte de la traves\u00eda en la categor\u00eda adulta, de los cuales nueve de ellos obtuvieron posici\u00f3n de podio:<\/p>\n<p style=\"text-align: justify;\"><strong>Categor\u00eda 60-69 masculino<\/strong><\/p>\n<ol>\n<li>Jos\u00e9 Garc\u00eda.<\/li>\n<\/ol>\n<p style=\"text-align: justify;\"><strong>Categor\u00eda 56-59 femenino<\/strong><\/p>\n<ol>\n<li>Mar\u00eda Esther L\u00f3pez Gonz\u00e1lez.<\/li>\n<li>Victoria Arocha Isidro.<\/li>\n<\/ol>\n<p style=\"text-align: justify;\"><strong>Categor\u00eda 50-55 masculino<\/strong><\/p>\n<ol>\n<li>Domingo Gonz\u00e1lez P\u00e9rez.<\/li>\n<li>F\u00e9lix Conteras Garc\u00eda.<\/li>\n<\/ol>\n<p style=\"text-align: justify;\"><strong>Categor\u00eda 50-55 femenino<\/strong><\/p>\n<ol>\n<li>Judith L\u00f3pez Fern\u00e1ndez.<\/li>\n<li>Isabel Ibole\u00f3n Cabrera.<\/li>\n<\/ol>\n<p style=\"text-align: justify;\"><strong>Categor\u00eda 40-49 masculino<\/strong><\/p>\n<p style=\"text-align: justify;\">\u00a0 \u00a0 \u00a0 \u00a03. M\u00aa Mercedes Gonz\u00e1lez Rodr\u00edguez.<\/p>\n<p style=\"text-align: justify;\"><strong>Categor\u00eda 30-39 femenino<\/strong><\/p>\n<ol>\n<li>Jamila Arantzamendi Llull.<\/li>\n<\/ol>\n<p style=\"text-align: justify;\">Tambi\u00e9n participaron los siguientes miembros de nuestra entidad: Joaqu\u00edn Merlo Cano (30\u00ba), Ricardo D\u00edaz P\u00e9rez (35\u00ba), Juvenal Gull\u00f3n Nieto (59\u00ba), Alejandra Rodr\u00edguez Rodr\u00edguez (63\u00ba), Ana Mar\u00eda Romero Manzano (125\u00ba).<\/p>\n<p style=\"text-align: justify;\">El ganador absoluto, con un tiempo de 11:19 minutos fue Thomas Holzendorf Dioniz, y en la categor\u00eda femenina fue Nazaret Calviche Fern\u00e1ndez, con un crono de 12:52 minutos.<\/p>\n<p style=\"text-align: justify;\">Esta actividad estaba encuadrada en el programa de actividades del Festival Son Atl\u00e1ntico. La Fiesta de los Oc\u00e9anos. La organizaci\u00f3n corri\u00f3 a cargo del Club Nataci\u00f3n de Los Cristianos en colaboraci\u00f3n con el Patronato de Deportes de Arona, Sar Socorrismo, Subway, la Escuela de Vela de Arona y voluntarios de esta entidad del municipio sure\u00f1o. Son Atl\u00e1ntico facilit\u00f3 a los participantes un gorro de nataci\u00f3n con el lema &#8220;Piche no, gracias&#8221;.<\/p>\n<p style=\"text-align: justify;\"><a href=\"http:\/\/www.tenerifemasters.org\/wp-content\/uploads\/2014\/08\/Resultados-III-Travesia-a-Nado-Los-Cristianos-2014.pdf\" target=\"_blank\" rel=\"noopener\">Resultados III Travesia a Nado Los Cristianos 2014<\/a><\/p>\n<p style=\"text-align: justify;\"><a href=\"http:\/\/www.tenerifemasters.org\/wp-content\/uploads\/2014\/08\/TFE-MASTERS.jpg\"><img loading=\"lazy\" decoding=\"async\" class=\"aligncenter size-full wp-image-1264\" src=\"http:\/\/www.tenerifemasters.org\/wp-content\/uploads\/2014\/08\/TFE-MASTERS.jpg\" alt=\"TFE MASTERS\" width=\"960\" height=\"540\" \/><\/a><\/p>\n<p style=\"text-align: justify;\">Fotograf\u00eda: Tenerife Masters<\/p>\n","protected":false},"excerpt":{"rendered":"<p>Fotograf\u00eda:\u00a0&#8220;The Tribs&#8221;. La tercera edici\u00f3n de la Traves\u00eda de Los Cristianos, celebrada el pasado 15 de agosto en la Playa de Las Vistas, cont\u00f3 con la participaci\u00f3n de unos 160 nadadores cuyas edades estaban comprendidas entre los 8 y 73 a\u00f1os. A las nueve de la ma\u00f1ana dio comienzo la traves\u00eda de la categor\u00eda \u201cMenores &hellip; <\/p>\n<p class=\"link-more\"><a href=\"https:\/\/clubtenerifemasters.com\/index.php\/2014\/08\/21\/9-nadadores-del-c-tenerife-masters-en-el-podio-de-la-iii-travesia-de-los-cristianos\/\" class=\"more-link\">Continue reading<span class=\"screen-reader-text\"> &#8220;2014. 9 nadadores del C. Tenerife M\u00e1sters en el podio de la III Traves\u00eda de Los Cristianos&#8221;<\/span><\/a><\/p>\n","protected":false},"author":1,"featured_media":0,"comment_status":"closed","ping_status":"closed","sticky":false,"template":"","format":"standard","meta":{"_regular_price":[],"currency_symbol":[],"_s2mail":"","footnotes":""},"categories":[16,12],"tags":[26,28,35,36],"class_list":["post-1246","post","type-post","status-publish","format-standard","hentry","category-aguas-abiertas","category-noticias","tag-masters","tag-natacion","tag-tenerife","tag-travesias-2"],"post_slider_layout_featured_media_urls":{"thumbnail":"","post_slider_layout_landscape_large":"","post_slider_layout_portrait_large":"","post_slider_layout_square_large":"","post_slider_layout_landscape":"","post_slider_layout_portrait":"","post_slider_layout_square":"","full":""},"jetpack_featured_media_url":"","_links":{"self":[{"href":"https:\/\/clubtenerifemasters.com\/index.php\/wp-json\/wp\/v2\/posts\/1246","targetHints":{"allow":["GET"]}}],"collection":[{"href":"https:\/\/clubtenerifemasters.com\/index.php\/wp-json\/wp\/v2\/posts"}],"about":[{"href":"https:\/\/clubtenerifemasters.com\/index.php\/wp-json\/wp\/v2\/types\/post"}],"author":[{"embeddable":true,"href":"https:\/\/clubtenerifemasters.com\/index.php\/wp-json\/wp\/v2\/users\/1"}],"replies":[{"embeddable":true,"href":"https:\/\/clubtenerifemasters.com\/index.php\/wp-json\/wp\/v2\/comments?post=1246"}],"version-history":[{"count":0,"href":"https:\/\/clubtenerifemasters.com\/index.php\/wp-json\/wp\/v2\/posts\/1246\/revisions"}],"wp:attachment":[{"href":"https:\/\/clubtenerifemasters.com\/index.php\/wp-json\/wp\/v2\/media?parent=1246"}],"wp:term":[{"taxonomy":"category","embeddable":true,"href":"https:\/\/clubtenerifemasters.com\/index.php\/wp-json\/wp\/v2\/categories?post=1246"},{"taxonomy":"post_tag","embeddable":true,"href":"https:\/\/clubtenerifemasters.com\/index.php\/wp-json\/wp\/v2\/tags?post=1246"}],"curies":[{"name":"wp","href":"https:\/\/api.w.org\/{rel}","templated":true}]}}